{"id":19436,"date":"2024-10-31T09:54:39","date_gmt":"2024-10-31T08:54:39","guid":{"rendered":"https:\/\/www.efaflex.com\/?post_type=presse&#038;p=19436"},"modified":"2026-01-08T15:03:50","modified_gmt":"2026-01-08T14:03:50","slug":"fast-forwardin-die-zukunft-efaflex-steht-fuer-50-jahre-nachhaltigkeit","status":"publish","type":"presse","link":"https:\/\/www.efaflex.com\/de\/presse-artikel\/fast-forwardin-die-zukunft-efaflex-steht-fuer-50-jahre-nachhaltigkeit\/","title":{"rendered":"\u201eFast Forward\u201cin die Zukunft: EFAFLEX steht f\u00fcr 50 Jahre Nachhaltigkeit"},"content":{"rendered":"\n<p><strong>Um das Thema Nachhaltigkeit gibt es \u2013 aus guten Gr\u00fcnden \u2013 in der Unternehmenswelt aktuell kein Herumkommen. W\u00e4hrend viele Firmen sich erst seit vergleichsweise kurzer Zeit mit der Frage besch\u00e4ftigen, wie sie ihre Aktivit\u00e4ten mit sozialer und \u00f6kologischer Verantwortung in Einklang bringen k\u00f6nnen, findet EFAFLEX schon seit 50 Jahren Antworten.<\/strong><\/p>\n\n\n\n<p>Das Motto des diesj\u00e4hrigen Jubil\u00e4ums von EFAFLEX lautet \u201eFast Forward\u201c. Darin stecken viele Eigenschaften, die das Unternehmen auszeichnen \u2013 zum Beispiel hohe Geschwindigkeiten, Innovationsdrang und Effizienz. Der Leitspruch spiegelt jedoch auch etwas anderes wider: den st\u00e4ndigen Blick in die Zukunft. Dabei geht es nicht nur um die Entwicklung immer modernerer Produkte oder strategische Weitsichtigkeit. Das Bewusstsein, dass die Handlungen von Heute die Basis f\u00fcr die M\u00f6glichkeiten von Morgen darstellen, ist seit jeher fest in der Unternehmensphilosophie von EFAFLEX verankert. Nachhaltigkeit wird hier deshalb nicht nur als eine Verpflichtung gegen\u00fcber Gesetzgebern verstanden, sondern als Voraussetzung f\u00fcr integres wirtschaftliches Handeln. &nbsp;<\/p>\n\n\n\n<p><strong>Paradebeispiel einer nachhaltigen Wertsch\u00f6pfungskette<\/strong><\/p>\n\n\n\n<p>Da w\u00e4re zum Beispiel der vermutlich offensichtlichste Aspekt: Die gesamte Wertsch\u00f6pfungskette ist bei EFAFLEX nachhaltig gestaltet. Bei der Auswahl von Zulieferern und Dienstleistungspartnern spielt daher die Achtung von Menschenrechten und Umweltschutz eine entscheidende Rolle. Rohstoffe wie<\/p>\n\n\n\n<p>Aluminium und Stahl, aber auch Elektroprodukte und Verpackungsmaterialien werden, wann immer m\u00f6glich, von regionalen und europ\u00e4ischen Lieferanten bezogen. Die f\u00fcr den Produkttransport von EFAFLEX eingesetzten Holzboxen beispielsweise stammen aus dem lokalen S\u00e4gewerk.<\/p>\n\n\n\r\n<div class=\"bild-fullsize-container\">\r\n            <div class=\"inner\">\r\n                                                                            <img decoding=\"async\" width=\"1600\" height=\"786\" src=\"https:\/\/www.efaflex.com\/wp-content\/uploads\/2022\/11\/Efaflex-Kalender-2016-IJ-OS-01_V2-1600x786.jpg\" class=\"attachment-bild-fullsize-inner size-bild-fullsize-inner\" alt=\"EFAFLEX Spirale\" \/>                    <\/div>\r\n    <\/div>\r\n\n\n\n<p>Apropos Transport: Jeder Versandweg wird vorab genau \u00fcberpr\u00fcft, um die ressourcenschonendste und somit umweltfreundlichste Lieferroute zu identifizieren. Au\u00dferdem sind die PE-Folien, die beim Transport dem Schutz der Produkte dienen, in Teilen recycelt und wiederverwertbar. Allerdings beschr\u00e4nken sich bei EFAFLEX R\u00fcckgewinnung und der Gedanke einer Kreislaufwirtschaft nicht allein auf den Transport. Auch die Tore des Weltmarktf\u00fchrers f\u00fcr Industrieschnelllauftore lassen sich sortenrein recyceln. M\u00f6glich machen das hochwertige Materialien und ein intelligentes Design, das neben Faktoren wie Leistungseffizienz, Langlebigkeit und Zuverl\u00e4ssigkeit eben auch immer die Nachhaltigkeit mitber\u00fccksichtigt.<\/p>\n\n\n\n<p><strong>Wie EFAFLEX Kunden zu mehr Nachhaltigkeit verhilft<\/strong><\/p>\n\n\n\n<p>Durch die eigene Nachhaltigkeit erm\u00f6glicht EFAFLEX indirekt auch seinen Kunden, deren \u00f6kologischen Fu\u00dfabdruck zu verbessern. Zus\u00e4tzlich helfen EFAFLEX Produkte dabei jedoch auch sehr direkt: Denn dadurch, dass die Tore sich derart schnell \u00f6ffnen und schlie\u00dfen, wird der W\u00e4rme- oder K\u00e4lteverlust zwischen den getrennten Bereichen auf ein Minimum reduziert. Die mit Dichtigkeitspr\u00fcfung, W\u00e4rmebr\u00fcckenber\u00fccksichtigung und optimaler D\u00e4mmstoffst\u00e4rke erreichte Top-D\u00e4mmung der Tore tut ihr \u00dcbriges, um Kunden enorme Einsparungen beim Energieverbrauch zu erm\u00f6glichen. Bis zu zwei Tonnen CO<sub>2<\/sub> k\u00f6nnen Kunden so mit den Schnelllauftoren von EFAFLEX pro Jahr vermeiden. Hinzu kommen die niedrigen Betriebskosten, welche sich durch die hohe Energieeffizienz der Tore ergeben.<\/p>\n\n\n\n<p>Au\u00dferdem sind die Produkte ausgesprochen langlebig, schlie\u00dflich steht EFAFLEX seit 50 Jahren f\u00fcr Qualit\u00e4t. Weil aber eben auch Nachhaltigkeit fest zum Markenkern geh\u00f6rt, l\u00e4sst sich der sowieso schon \u00fcberdurchschnittliche Produktlebenszyklus noch verl\u00e4ngern oder besser gesagt erneuern: Bei Bedarf setzen die Servicetechniker des Unternehmens das Tor f\u00fcr einen \u201eSecond-life-cycle\u201c instand und helfen so, Kosten und Ressourcen gleicherma\u00dfen zu sparen.<\/p>\n\n\n\n<p><strong>Soziale und unternehmerische Verantwortung<\/strong><\/p>\n\n\n\n<p>F\u00fcr EFAFLEX beschr\u00e4nkt sich Nachhaltigkeit jedoch nicht nur auf Umwelt- und Klimaschutz. Stattdessen z\u00e4hlen auch gesellschaftliche und wirtschaftliche Nachhaltigkeit zu den Kriterien, an denen das Unternehmen sein Denken und Handeln ausrichtet. Mit umfassender Jungend- und Nachwuchsf\u00f6rderung, dem Engagement in einer Vielzahl von Verb\u00e4nden, Vereinen und Projekten sowie verschiedenen Sponsorings und Spendenaktionen kommt das Unternehmen seiner sozialen Verantwortung nach. Als Familienunternehmen sieht sich EFAFLEX aber vor allem seiner wichtigsten Ressource verpflichtet: den Mitarbeitern. Eine offene, ehrliche und positive Arbeitsatmosph\u00e4re plus unbedingte Investitionen in die F\u00f6rderung der Besch\u00e4ftigten (beispielsweise in Form von Gesundheits- und Weiterbildungsangeboten) sind f\u00fcr den L\u00f6sungsanbieter der Schl\u00fcssel zu Loyalit\u00e4t und Zufriedenheit.<\/p>\n\n\n\n<p>Gemeinsam mit der ganzen Belegschaft unternimmt EFAFLEX dar\u00fcber hinaus Anstrengungen, die Nachhaltigkeit im Unternehmen selbst immer weiter zu verbessern: Mehr und mehr Prozesse werden papierlos, die Digitalisierung der Verwaltung ist in vollem Gange und mit eigenen Lades\u00e4ulen wird die Elektromobilit\u00e4t gef\u00f6rdert. So legt EFAFLEX nicht nur den Grundstein f\u00fcr f\u00fcnf weitere Jahrzehnte Unternehmenserfolg, sondern auch f\u00fcr eine Welt, in der dieser stattfinden kann. Denn \u201eFast Forward\u201c bedeutet zwar, sich best\u00e4ndig Richtung Zukunft zu bewegen, aber eben auch, ein Bewusstsein f\u00fcr die Herausforderungen der Gegenwart zu haben.<\/p>\n\n\n\n<p><\/p>\n\n\n\n<p><\/p>\n","protected":false},"excerpt":{"rendered":"<p>Um das Thema Nachhaltigkeit gibt es \u2013 aus guten Gr\u00fcnden \u2013 in der Unternehmenswelt aktuell kein Herumkommen. W\u00e4hrend viele Firmen sich erst seit vergleichsweise kurzer Zeit mit der Frage besch\u00e4ftigen, wie sie ihre Aktivit\u00e4ten mit sozialer und \u00f6kologischer Verantwortung in Einklang bringen k\u00f6nnen, findet EFAFLEX schon seit 50 Jahren Antworten. Das Motto des diesj\u00e4hrigen Jubil\u00e4ums [&hellip;]<\/p>\n","protected":false},"featured_media":19271,"template":"","presse-artikel":[],"class_list":["post-19436","presse","type-presse","status-publish","has-post-thumbnail","hentry"],"acf":[],"_links":{"self":[{"href":"https:\/\/www.efaflex.com\/de\/wp-json\/wp\/v2\/presse\/19436","targetHints":{"allow":["GET"]}}],"collection":[{"href":"https:\/\/www.efaflex.com\/de\/wp-json\/wp\/v2\/presse"}],"about":[{"href":"https:\/\/www.efaflex.com\/de\/wp-json\/wp\/v2\/types\/presse"}],"version-history":[{"count":3,"href":"https:\/\/www.efaflex.com\/de\/wp-json\/wp\/v2\/presse\/19436\/revisions"}],"predecessor-version":[{"id":29522,"href":"https:\/\/www.efaflex.com\/de\/wp-json\/wp\/v2\/presse\/19436\/revisions\/29522"}],"wp:featuredmedia":[{"embeddable":true,"href":"https:\/\/www.efaflex.com\/de\/wp-json\/wp\/v2\/media\/19271"}],"wp:attachment":[{"href":"https:\/\/www.efaflex.com\/de\/wp-json\/wp\/v2\/media?parent=19436"}],"wp:term":[{"taxonomy":"presse-artikel","embeddable":true,"href":"https:\/\/www.efaflex.com\/de\/wp-json\/wp\/v2\/presse-artikel?post=19436"}],"curies":[{"name":"wp","href":"https:\/\/api.w.org\/{rel}","templated":true}]}}