{"id":28143,"date":"2024-10-31T10:03:38","date_gmt":"2024-10-31T09:03:38","guid":{"rendered":"https:\/\/www.efaflex.com\/50-jahre-verantwortung-wenn-das-n-in-unternehmens-dna-fuer-nachhaltigkeit-steht\/"},"modified":"2026-01-08T15:24:10","modified_gmt":"2026-01-08T14:24:10","slug":"50-ans-de-responsabilite-quand-le-d-de-ladn-de-lentreprise-signifie-durabilite","status":"publish","type":"post","link":"https:\/\/www.efaflex.com\/fr\/50-ans-de-responsabilite-quand-le-d-de-ladn-de-lentreprise-signifie-durabilite\/","title":{"rendered":"50 ans de responsabilit\u00e9: Quand le &#8220;D &#8221; de l&#8217;ADN de l&#8217;entreprise signifie durabilit\u00e9"},"content":{"rendered":"\n<p>La durabilit\u00e9 est beaucoup plus qu&#8217;un mot \u00e0 la mode \u2013 c&#8217;est une responsabilit\u00e9 que les entreprises doivent assumer. Dans le cas d&#8217;EFAFLEX, qui existe depuis 50 ans, la durabilit\u00e9 est profond\u00e9ment ancr\u00e9e dans l&#8217;ADN de l&#8217;entreprise. L&#8217;accent n&#8217;est pas seulement mis sur le pr\u00e9sent, mais aussi sur les d\u00e9fis futurs, tels que la pr\u00e9servation des ressources et la r\u00e9duction des \u00e9missions de CO2.<\/p>\n\n\n\n<p><strong><strong>L&#8217;homme au centre<\/strong><\/strong><\/p>\n\n\n\n<p>EFAFLEX a d\u00e8s le d\u00e9but assum\u00e9 une responsabilit\u00e9 sociale. L&#8217;entreprise promeut des conditions de travail \u00e9quitables et s&#8217;engage activement dans divers projets sociaux. Pour EFAFLEX, les droits humains et un environnement de travail respectueux ne sont pas seulement un objectif, mais une r\u00e9alit\u00e9 v\u00e9cue.<\/p>\n\n\n\n<p><strong><strong>Durabilit\u00e9 par la qualit\u00e9<\/strong><\/strong><\/p>\n\n\n\n<p>La qualit\u00e9 joue un r\u00f4le crucial dans la strat\u00e9gie de durabilit\u00e9 d&#8217;EFAFLEX. En s\u00e9lectionnant soigneusement des mat\u00e9riaux et des fournisseurs r\u00e9gionaux, l&#8217;entreprise atteint non seulement une haute qualit\u00e9 de produit, mais favorise \u00e9galement la long\u00e9vit\u00e9 de ses produits. <\/p>\n\n\n\r\n<div class=\"bild-fullsize-container\">\r\n            <div class=\"inner\">\r\n                                                                            <img decoding=\"async\" width=\"1600\" height=\"786\" src=\"https:\/\/www.efaflex.com\/wp-content\/uploads\/2024\/01\/EFAFLEX_Pipp_57_B_1-0_V2-1600x786.jpg\" class=\"attachment-bild-fullsize-inner size-bild-fullsize-inner\" alt=\"\" \/>                    <\/div>\r\n    <\/div>\r\n\n\n\n<p> Cela r\u00e9duit la consommation de ressources et permet un recyclage pur \u00e0 la fin de la dur\u00e9e de vie du produit.<\/p>\n\n\n\n<p><strong><strong>R\u00e9duction de l&#8217;empreinte carbone<\/strong><\/strong><\/p>\n\n\n\n<p>Tr\u00e8s t\u00f4t d\u00e9j\u00e0, EFAFLEX a mis\u00e9 sur l&#8217;efficacit\u00e9 \u00e9nerg\u00e9tique. Les portes sont con\u00e7ues pour consommer peu d&#8217;\u00e9nergie tout en augmentant la productivit\u00e9 en minimisant les pertes de chaleur et de froid. Ces mesures contribuent \u00e0 \u00e9conomiser jusqu&#8217;\u00e0 2 tonnes de CO2 par an.<\/p>\n\n\n\n<p><strong>Num\u00e9risation et mobilit\u00e9 \u00e9lectrique<\/strong><\/p>\n\n\n\n<p>L&#8217;entreprise mise \u00e9galement sur la num\u00e9risation et promeut la mobilit\u00e9 \u00e9lectrique par le biais de ses propres stations de recharge. Ces initiatives montrent que la durabilit\u00e9 n&#8217;est pas seulement un sujet de conformit\u00e9, mais un processus continu, ancr\u00e9 dans la philosophie de l&#8217;entreprise.<\/p>\n\n\n\n<p><strong>Conclusion<\/strong><\/p>\n\n\n\n<p>Pour EFAFLEX, la durabilit\u00e9 est une partie int\u00e9grante de la strat\u00e9gie d&#8217;entreprise qui compte non seulement aujourd&#8217;hui, mais aussi pour l&#8217;avenir. La combinaison de la responsabilit\u00e9 sociale, de la haute qualit\u00e9 des produits et des approches innovantes fait d&#8217;EFAFLEX un pr\u00e9curseur dans le secteur, qui assume sa responsabilit\u00e9 tout en pr\u00e9parant un avenir durable.<\/p>\n\n\n\n<p><\/p>\n\n\n\n\n\n<p><\/p>\n","protected":false},"excerpt":{"rendered":"<p>La durabilit\u00e9 est beaucoup plus qu&#8217;un mot \u00e0 la mode \u2013 c&#8217;est une responsabilit\u00e9 que les entreprises doivent assumer. Dans le cas d&#8217;EFAFLEX, qui existe depuis 50 ans, la durabilit\u00e9 est profond\u00e9ment ancr\u00e9e dans l&#8217;ADN de l&#8217;entreprise. L&#8217;accent n&#8217;est pas seulement mis sur le pr\u00e9sent, mais aussi sur les d\u00e9fis futurs, tels que la pr\u00e9servation [&hellip;]<\/p>\n","protected":false},"author":6,"featured_media":23141,"comment_status":"closed","ping_status":"closed","sticky":false,"template":"","format":"standard","meta":{"_acf_changed":false,"footnotes":""},"categories":[784],"tags":[],"class_list":["post-28143","post","type-post","status-publish","format-standard","has-post-thumbnail","hentry","category-blog-fr"],"acf":[],"_links":{"self":[{"href":"https:\/\/www.efaflex.com\/fr\/wp-json\/wp\/v2\/posts\/28143","targetHints":{"allow":["GET"]}}],"collection":[{"href":"https:\/\/www.efaflex.com\/fr\/wp-json\/wp\/v2\/posts"}],"about":[{"href":"https:\/\/www.efaflex.com\/fr\/wp-json\/wp\/v2\/types\/post"}],"author":[{"embeddable":true,"href":"https:\/\/www.efaflex.com\/fr\/wp-json\/wp\/v2\/users\/6"}],"replies":[{"embeddable":true,"href":"https:\/\/www.efaflex.com\/fr\/wp-json\/wp\/v2\/comments?post=28143"}],"version-history":[{"count":4,"href":"https:\/\/www.efaflex.com\/fr\/wp-json\/wp\/v2\/posts\/28143\/revisions"}],"predecessor-version":[{"id":29324,"href":"https:\/\/www.efaflex.com\/fr\/wp-json\/wp\/v2\/posts\/28143\/revisions\/29324"}],"wp:featuredmedia":[{"embeddable":true,"href":"https:\/\/www.efaflex.com\/fr\/wp-json\/wp\/v2\/media\/23141"}],"wp:attachment":[{"href":"https:\/\/www.efaflex.com\/fr\/wp-json\/wp\/v2\/media?parent=28143"}],"wp:term":[{"taxonomy":"category","embeddable":true,"href":"https:\/\/www.efaflex.com\/fr\/wp-json\/wp\/v2\/categories?post=28143"},{"taxonomy":"post_tag","embeddable":true,"href":"https:\/\/www.efaflex.com\/fr\/wp-json\/wp\/v2\/tags?post=28143"}],"curies":[{"name":"wp","href":"https:\/\/api.w.org\/{rel}","templated":true}]}}