{"id":29057,"date":"2024-11-05T10:26:43","date_gmt":"2024-11-05T09:26:43","guid":{"rendered":"https:\/\/www.efaflex.com\/presse-artikel\/efaflex-gruender-manfred-seysen-im-alter-von-87-jahren-gestorben\/"},"modified":"2025-02-17T13:24:18","modified_gmt":"2025-02-17T12:24:18","slug":"efaflex-gruender-manfred-seysen-im-alter-von-87-jahren-gestorben","status":"publish","type":"presse","link":"https:\/\/www.efaflex.com\/fr\/article-de-presse\/efaflex-gruender-manfred-seysen-im-alter-von-87-jahren-gestorben\/","title":{"rendered":"Le fondateur d&#8217;EFAFLEX Manfred Seysen est d\u00e9c\u00e9d\u00e9 \u00e0 l&#8217;\u00e2ge de 87 ans"},"content":{"rendered":"\n<p>EFAFLEX est en deuil apr\u00e8s le d\u00e9c\u00e8s de son fondateur et associ\u00e9 Manfred Seysen, survenu le 03.11.2024 \u00e0 l&#8217;\u00e2ge de 87 ans.<\/p>\n\n\n\n<p><strong><strong>Le fabricant de portes rapides \u00e0 enroulement EFAFLEX est en deuil : son fondateur et associ\u00e9 Manfred Seysen est d\u00e9c\u00e9d\u00e9 le 03.11.2024 \u00e0 l&#8217;\u00e2ge de 87 ans. En 1974, il a fond\u00e9 la soci\u00e9t\u00e9 EFAFLEX avec Gustav Meyer et Gabrijel Rejc. Seysen y a repris le \u00ab d\u00e9partement portes \u00bb, qui a connu un essor fulgurant gr\u00e2ce au d\u00e9veloppement des portes rapides. Avec EFAFLEX, Seysen et Rejc ont eu une influence d\u00e9terminante sur l&#8217;\u00e9volution du march\u00e9, notamment gr\u00e2ce au d\u00e9veloppement de la spirale de porte rapide.<\/strong><\/strong><\/p>\n\n\n\n<p>L&#8217;entreprise a m\u00fbri pour devenir un leader mondial du march\u00e9 dans le domaine des portes industrielles rapides. En 1986, Seysen a finalement pris le poste de directeur des ventes, qu&#8217;il a transmis \u00e0 son fils Christopher en 2002. Mais m\u00eame apr\u00e8s avoir quitt\u00e9 son r\u00f4le actif, il est toujours rest\u00e9 tr\u00e8s proche de son entreprise, qui compte d\u00e9sormais plus de 1 400 employ\u00e9s dans le monde. Il \u00e9tait un invit\u00e9 r\u00e9gulier et appr\u00e9ci\u00e9 au si\u00e8ge de Bruckberg, o\u00f9 il a continu\u00e9 \u00e0 s&#8217;int\u00e9resser de pr\u00e8s et de loin aux portes rapides, afin de rester \u00e0 la pointe de la technologie.<\/p>\n\n\n\n<p>Manfred Seysen est n\u00e9 en 1937 \u00e0 G\u00fctersloh, en Westphalie, o\u00f9 il a obtenu un dipl\u00f4me de fin d&#8217;\u00e9tudes secondaires. Il a ensuite effectu\u00e9 un apprentissage de m\u00e9canicien. Il a ensuite fait des \u00e9tudes d&#8217;ing\u00e9nieur dipl\u00f4m\u00e9, puis a travaill\u00e9 dans le domaine de l&#8217;ing\u00e9nierie. C&#8217;est ainsi qu&#8217;il s&#8217;est retrouv\u00e9 \u00e0 Moosburg en 1964, o\u00f9 il a travaill\u00e9 pour la soci\u00e9t\u00e9 Steinbock dans le service ext\u00e9rieur et la promotion des ventes.<\/p>\n\n\n\n<p>Manfred Seysen laisse derri\u00e8re lui trois enfants et son \u00e9pouse. La soci\u00e9t\u00e9 EFAFLEX est profond\u00e9ment endeuill\u00e9e et gardera un souvenir honorable et digne de son fondateur et associ\u00e9.<\/p>\n\n\n\n<p><\/p>\n\n\n\n<p><\/p>\n","protected":false},"excerpt":{"rendered":"<p>EFAFLEX est en deuil apr\u00e8s le d\u00e9c\u00e8s de son fondateur et associ\u00e9 Manfred Seysen, survenu le 03.11.2024 \u00e0 l&#8217;\u00e2ge de 87 ans. Le fabricant de portes rapides \u00e0 enroulement EFAFLEX est en deuil : son fondateur et associ\u00e9 Manfred Seysen est d\u00e9c\u00e9d\u00e9 le 03.11.2024 \u00e0 l&#8217;\u00e2ge de 87 ans. En 1974, il a fond\u00e9 la [&hellip;]<\/p>\n","protected":false},"featured_media":27003,"template":"","presse-artikel":[],"class_list":["post-29057","presse","type-presse","status-publish","has-post-thumbnail","hentry"],"acf":[],"_links":{"self":[{"href":"https:\/\/www.efaflex.com\/fr\/wp-json\/wp\/v2\/presse\/29057","targetHints":{"allow":["GET"]}}],"collection":[{"href":"https:\/\/www.efaflex.com\/fr\/wp-json\/wp\/v2\/presse"}],"about":[{"href":"https:\/\/www.efaflex.com\/fr\/wp-json\/wp\/v2\/types\/presse"}],"version-history":[{"count":2,"href":"https:\/\/www.efaflex.com\/fr\/wp-json\/wp\/v2\/presse\/29057\/revisions"}],"predecessor-version":[{"id":29337,"href":"https:\/\/www.efaflex.com\/fr\/wp-json\/wp\/v2\/presse\/29057\/revisions\/29337"}],"wp:featuredmedia":[{"embeddable":true,"href":"https:\/\/www.efaflex.com\/fr\/wp-json\/wp\/v2\/media\/27003"}],"wp:attachment":[{"href":"https:\/\/www.efaflex.com\/fr\/wp-json\/wp\/v2\/media?parent=29057"}],"wp:term":[{"taxonomy":"presse-artikel","embeddable":true,"href":"https:\/\/www.efaflex.com\/fr\/wp-json\/wp\/v2\/presse-artikel?post=29057"}],"curies":[{"name":"wp","href":"https:\/\/api.w.org\/{rel}","templated":true}]}}